{"id":19170,"date":"2026-04-18T16:35:09","date_gmt":"2026-04-18T19:35:09","guid":{"rendered":"https:\/\/prefeituramacuco.rj.gov.br\/novo\/?p=19170"},"modified":"2026-04-20T16:41:54","modified_gmt":"2026-04-20T19:41:54","slug":"tecnologia-de-ponta-para-transformar-a-pecuaria-leiteira-macuquense","status":"publish","type":"post","link":"https:\/\/prefeituramacuco.rj.gov.br\/novo\/tecnologia-de-ponta-para-transformar-a-pecuaria-leiteira-macuquense\/","title":{"rendered":"Tecnologia de ponta para transformar a pecu\u00e1ria leiteira macuquense"},"content":{"rendered":"<p><img decoding=\"async\" class=\"aligncenter wp-image-19171\" src=\"https:\/\/prefeituramacuco.rj.gov.br\/novo\/wp-content\/uploads\/2026\/04\/rio-genetica-abr26-01.jpg\" alt=\"\" width=\"500\" srcset=\"https:\/\/prefeituramacuco.rj.gov.br\/novo\/wp-content\/uploads\/2026\/04\/rio-genetica-abr26-01.jpg 975w, https:\/\/prefeituramacuco.rj.gov.br\/novo\/wp-content\/uploads\/2026\/04\/rio-genetica-abr26-01-300x225.jpg 300w, https:\/\/prefeituramacuco.rj.gov.br\/novo\/wp-content\/uploads\/2026\/04\/rio-genetica-abr26-01-768x576.jpg 768w\" sizes=\"(max-width: 975px) 100vw, 975px\" \/><\/p>\n<h6 style=\"text-align: center;\"><em>Macuco apresenta programa inovador visando garantir gen\u00e9tica de excel\u00eancia gratuita aos produtores e impulsionar uma nova era no campo<\/em><\/h6>\n<p>Macuco deu um passo decisivo rumo ao futuro da agropecu\u00e1ria ao lan\u00e7ar, nesta sexta-feira, 17 de abril, o programa \u2018Macuco Mais Gen\u00e9tica\u2019, iniciativa estrat\u00e9gica que promete revolucionar a pecu\u00e1ria leiteira local e que ser\u00e1 desenvolvido em parceria com a Cooperativa Agropecu\u00e1ria Regional de Macuco e apoio do SEBRAE\/RJ. Apresentado no Audit\u00f3rio Francisco Dornelles, no Complexo do Rural Park, o projeto surge como uma oportunidade concreta para que produtores rurais tenham acesso gratuito a embri\u00f5es de alt\u00edssimo valor gen\u00e9tico, utilizando a t\u00e9cnica de Fertiliza\u00e7\u00e3o In Vitro (FIV) numa proposta que promete elevar o padr\u00e3o do rebanho macuquense e fortalecer ainda mais o t\u00edtulo do munic\u00edpio como \u2018Capital Estadual do Leite\u2019.<\/p>\n<p><img decoding=\"async\" class=\"aligncenter wp-image-19171\" src=\"https:\/\/prefeituramacuco.rj.gov.br\/novo\/wp-content\/uploads\/2026\/04\/rio-genetica-abr26-02.jpg\" alt=\"\" width=\"500\" \/><\/p>\n<h6 style=\"text-align: center;\"><em>Conhecimento e tecnologia ao alcance do produtor oferece cartilhas explicativas sobre o processo de Fertiliza\u00e7\u00e3o In Vitro (FIV) e os benef\u00edcios do novo programa municipal<\/em><\/h6>\n<p>Voltado exclusivamente aos produtores rurais ativos e devidamente cadastrados na Cooperativa de Macuco, o programa n\u00e3o se limita \u00e0 doa\u00e7\u00e3o de embri\u00f5es. Mais abrangente, ele tamb\u00e9m ir\u00e1 assegurar assist\u00eancia t\u00e9cnica especializada em todas as etapas do processo reprodutivo, garantindo seguran\u00e7a e efici\u00eancia na implanta\u00e7\u00e3o e no desenvolvimento dos animais. Com isso, a Administra\u00e7\u00e3o Municipal, por meio da Secretaria de Agricultura, Pecu\u00e1ria, Abastecimento e Aquicultura, cria as condi\u00e7\u00f5es ideais para que pequenas e m\u00e9dias propriedades tenham acesso a uma tecnologia antes restrita a grandes produtores, democratizando o avan\u00e7o gen\u00e9tico no campo.<\/p>\n<p><img decoding=\"async\" class=\"aligncenter wp-image-19171\" src=\"https:\/\/prefeituramacuco.rj.gov.br\/novo\/wp-content\/uploads\/2026\/04\/rio-genetica-abr26-03.jpg\" alt=\"\" width=\"500\" \/><\/p>\n<h6 style=\"text-align: center;\"><em>Gestores e produtores unidos pela inova\u00e7\u00e3o no programa \u2018Macuco Mais Gen\u00e9tica\u2019, que chega para democratizar a tecnologia de ponta e fortalecer o homem do campo<\/em><\/h6>\n<p>A expectativa \u00e9 de que, com a introdu\u00e7\u00e3o da FIV no manejo dos rebanhos, a produtividade leiteira cres\u00e7a significativamente dentro das propriedades, refletindo diretamente na economia rural e na qualidade dos produtos. A iniciativa representa um investimento s\u00f3lido no futuro da agropecu\u00e1ria local, permitindo que matrizes geradas apresentem desempenho superior. O lan\u00e7amento, que superou as expectativas de p\u00fablico e engajamento, marca o in\u00edcio de uma nova fase para o setor, posicionando Macuco na vanguarda da inova\u00e7\u00e3o agropecu\u00e1ria no Estado do Rio de Janeiro.<\/p>\n<p><img decoding=\"async\" class=\"aligncenter wp-image-19171\" src=\"https:\/\/prefeituramacuco.rj.gov.br\/novo\/wp-content\/uploads\/2026\/04\/rio-genetica-abr26-04.jpg\" alt=\"\" width=\"500\" \/><\/p>\n<h6 style=\"text-align: center;\"><em>\u00c0 frente da secretaria anfitri\u00e3, Paulo S\u00e9rgio Daflon explica como a assist\u00eancia t\u00e9cnica e os embri\u00f5es de FIV ir\u00e3o impulsionar a produtividade nas pequenas e m\u00e9dias propriedades<\/em><\/h6>\n<p>Durante o evento, autoridades destacaram a import\u00e2ncia do programa para o desenvolvimento sustent\u00e1vel do munic\u00edpio e o fortalecimento do homem do campo. \u201cEstamos oferecendo aos nossos produtores a oportunidade de crescer com qualidade e tecnologia, valorizando quem faz a nossa economia girar\u201d, disse a prefeita Michelle Bianchini. J\u00e1 o secret\u00e1rio de Governo, Jo\u00e3o Vitor Pontes, ressaltou que o \u2018Macuco Mais Gen\u00e9tica\u2019 \u00e9 um marco do desenvolvimento rural. Por sua vez, o secret\u00e1rio de Agricultura, Paulo S\u00e9rgio Daflon, enfatizou se tratar de uma conquista hist\u00f3rica para a pecu\u00e1ria macuquense, que agora ter\u00e1 acesso a um n\u00edvel gen\u00e9tico de excel\u00eancia.<\/p>\n<p><img decoding=\"async\" class=\"aligncenter wp-image-19171\" src=\"https:\/\/prefeituramacuco.rj.gov.br\/novo\/wp-content\/uploads\/2026\/04\/rio-genetica-abr26-05.jpg\" alt=\"\" width=\"500\" \/><\/p>\n<h6 style=\"text-align: center;\"><em>Produtores rurais que j\u00e1 utilizam a t\u00e9cnica de Fertiliza\u00e7\u00e3o In Vitro (FIV) participaram do lan\u00e7amento, refor\u00e7ando os benef\u00edcios pr\u00e1ticos do programa para a produtividade leiteira<\/em><\/h6>\n<p>O evento contou com a presen\u00e7a de autoridades como o vice-prefeito Jo\u00e3o Batista Oliveira; o presidente da Cooperativa de Macuco, Silvio Marini; as diretoras Fernanda Gripp e Raquel Stumm, gerente regional e analista do SEBRAE\/Nova Friburgo; Paulo Henrique Moraes, superintendente da Defesa Agropecu\u00e1ria do Estado do Rio de Janeiro; Dudu Jardim, dirigente da PESAGRO-RIO em Maca\u00e9; Luiz Altamiro Garcia Nogueira, professor da Faculdade de Medicina Veterin\u00e1ria da Universidade Federal Fluminense (UFF); al\u00e9m de produtores rurais, incluindo dois que j\u00e1 foram beneficiados com essa t\u00e9cnica e v\u00eam colhendo os benef\u00edcios em suas propriedades.<\/p>\n<p><img decoding=\"async\" class=\"aligncenter wp-image-19171\" src=\"https:\/\/prefeituramacuco.rj.gov.br\/novo\/wp-content\/uploads\/2026\/04\/rio-genetica-abr26-06.jpg\" alt=\"\" width=\"500\" \/><\/p>\n<h6 style=\"text-align: center;\"><em>O apoio do SEBRAE\/RJ ser\u00e1 fundamental para o sucesso do Macuco Mais Gen\u00e9tica e a gerente regional Fernanda Gripp refor\u00e7a o compromisso da entidade com a inova\u00e7\u00e3o no campo<\/em><\/h6>\n<p><img decoding=\"async\" class=\"aligncenter wp-image-19171\" src=\"https:\/\/prefeituramacuco.rj.gov.br\/novo\/wp-content\/uploads\/2026\/04\/rio-genetica-abr26-07.jpg\" alt=\"\" width=\"500\" \/><\/p>\n<h6 style=\"text-align: center;\"><em>Representando a parceria estrat\u00e9gica com o SEBRAE, a analista Raquel Stumm participa do lan\u00e7amento do projeto que democratiza o avan\u00e7o gen\u00e9tico no campo <\/em><\/h6>\n<p><img decoding=\"async\" class=\"aligncenter wp-image-19171\" src=\"https:\/\/prefeituramacuco.rj.gov.br\/novo\/wp-content\/uploads\/2026\/04\/rio-genetica-abr26-08.jpg\" alt=\"\" width=\"500\" \/><\/p>\n<h6 style=\"text-align: center;\"><em>Presidente Silvio Marini representa a Cooperativa de Macuco no lan\u00e7amento do projeto estrat\u00e9gico que promete elevar a produtividade e a qualidade do leite na regi\u00e3o<\/em><\/h6>\n<p><img decoding=\"async\" class=\"aligncenter wp-image-19171\" src=\"https:\/\/prefeituramacuco.rj.gov.br\/novo\/wp-content\/uploads\/2026\/04\/rio-genetica-abr26-09.jpg\" alt=\"\" width=\"500\" \/><\/p>\n<h6 style=\"text-align: center;\"><em>Compromisso com o produtor: Paulo S\u00e9rgio Daflon enfatiza que a assist\u00eancia t\u00e9cnica especializada ser\u00e1 o diferencial para o sucesso da implanta\u00e7\u00e3o dos embri\u00f5es de FIV<\/em><\/h6>\n<p><img decoding=\"async\" class=\"aligncenter wp-image-19171\" src=\"https:\/\/prefeituramacuco.rj.gov.br\/novo\/wp-content\/uploads\/2026\/04\/rio-genetica-abr26-10.jpg\" alt=\"\" width=\"500\" \/><\/p>\n<h6 style=\"text-align: center;\"><em>Registro da cobertura da R\u00e1dio 94 FM, com o secret\u00e1rio de Agricultura Paulo S\u00e9rgio e o presidente da Cooperativa Silvio Marini destaca o pioneirismo de Macuco na gen\u00e9tica bovina<\/em><\/h6>\n<p><img decoding=\"async\" class=\"aligncenter wp-image-19171\" src=\"https:\/\/prefeituramacuco.rj.gov.br\/novo\/wp-content\/uploads\/2026\/04\/rio-genetica-abr26-11.jpg\" alt=\"\" width=\"500\" \/><\/p>\n<h6 style=\"text-align: center;\"><em>Um evento marcado pela participa\u00e7\u00e3o ativa daqueles que fazem a economia girar e Macuco se unir para dar in\u00edcio a uma nova era de produtividade no campo<\/em><\/h6>\n<p><img decoding=\"async\" class=\"aligncenter wp-image-19171\" src=\"https:\/\/prefeituramacuco.rj.gov.br\/novo\/wp-content\/uploads\/2026\/04\/rio-genetica-abr26-12.jpg\" alt=\"\" width=\"500\" \/><\/p>\n<h6 style=\"text-align: center;\"><em>Vis\u00e3o geral do engajamento dos produtores rurais de Macuco, que compareceram em peso para conhecer a iniciativa que democratiza o acesso \u00e0 gen\u00e9tica de excel\u00eancia <\/em><\/h6>\n<p><img decoding=\"async\" class=\"aligncenter wp-image-19171\" src=\"https:\/\/prefeituramacuco.rj.gov.br\/novo\/wp-content\/uploads\/2026\/04\/rio-genetica-abr26-13.jpg\" alt=\"\" width=\"500\" \/><\/p>\n<h6 style=\"text-align: center;\"><em>Valorizando quem faz a economia girar, a prefeita Michelle Bianchini e o secret\u00e1rio Jo\u00e3o Vitor Pontes refor\u00e7am o compromisso da gest\u00e3o com a inova\u00e7\u00e3o tecnol\u00f3gica no campo<\/em><\/h6>\n<p><img decoding=\"async\" class=\"aligncenter wp-image-19171\" src=\"https:\/\/prefeituramacuco.rj.gov.br\/novo\/wp-content\/uploads\/2026\/04\/rio-genetica-abr26-14.jpeg\" alt=\"\" width=\"500\" \/><\/p>\n<h6 style=\"text-align: center;\"><em>O dirigente da PESAGRO-RIO, Dudu Jardim, participa da apresenta\u00e7\u00e3o do projeto que utiliza a Fertiliza\u00e7\u00e3o In Vitro (FIV) para revolucionar a produtividade leiteira em Macuco<\/em><\/h6>\n<p><img decoding=\"async\" class=\"aligncenter wp-image-19171\" src=\"https:\/\/prefeituramacuco.rj.gov.br\/novo\/wp-content\/uploads\/2026\/04\/rio-genetica-abr26-15.jpg\" alt=\"\" width=\"500\" \/><\/p>\n<h6 style=\"text-align: center;\"><em>Superintendente da Defesa Agropecu\u00e1ria do Estado, Paulo Henrique Moraes destaca a relev\u00e2ncia do \u2018Macuco Mais Gen\u00e9tica\u2019 para o fortalecimento do setor em todo o estado<\/em><\/h6>\n<p><img decoding=\"async\" class=\"aligncenter wp-image-19171\" src=\"https:\/\/prefeituramacuco.rj.gov.br\/novo\/wp-content\/uploads\/2026\/04\/rio-genetica-abr26-16.jpg\" alt=\"\" width=\"500\" \/><\/p>\n<h6 style=\"text-align: center;\"><em>Kits informativos do programa \u2018Macuco Mais Gen\u00e9tica\u2019 preparados para os produtores, contendo orienta\u00e7\u00f5es essenciais sobre o avan\u00e7o tecnol\u00f3gico que chega ao campo<\/em><\/h6>\n<p>Texto: Ricardo Vieira<br \/>\nFotos: Mateus Guimar\u00e3es \/ Rodrigo Cuco<\/p>\n","protected":false},"excerpt":{"rendered":"<p>Macuco deu um passo decisivo rumo ao futuro da agropecu\u00e1ria ao lan\u00e7ar, nesta sexta-feira, 17 de abril, o programa \u2018Macuco Mais Gen\u00e9tica\u2019, iniciativa estrat\u00e9gica que promete revolucionar a pecu\u00e1ria leiteira local e que ser\u00e1 desenvolvido em parceria com a Cooperativa Agropecu\u00e1ria Regional de Macuco e apoio do SEBRAE\/RJ.<\/p>\n","protected":false},"author":1,"featured_media":19171,"comment_status":"open","ping_status":"open","sticky":false,"template":"","format":"standard","meta":{"footnotes":""},"categories":[4],"tags":[],"class_list":["post-19170","post","type-post","status-publish","format-standard","has-post-thumbnail","hentry","category-agricultura"],"_links":{"self":[{"href":"https:\/\/prefeituramacuco.rj.gov.br\/novo\/wp-json\/wp\/v2\/posts\/19170","targetHints":{"allow":["GET"]}}],"collection":[{"href":"https:\/\/prefeituramacuco.rj.gov.br\/novo\/wp-json\/wp\/v2\/posts"}],"about":[{"href":"https:\/\/prefeituramacuco.rj.gov.br\/novo\/wp-json\/wp\/v2\/types\/post"}],"author":[{"embeddable":true,"href":"https:\/\/prefeituramacuco.rj.gov.br\/novo\/wp-json\/wp\/v2\/users\/1"}],"replies":[{"embeddable":true,"href":"https:\/\/prefeituramacuco.rj.gov.br\/novo\/wp-json\/wp\/v2\/comments?post=19170"}],"version-history":[{"count":1,"href":"https:\/\/prefeituramacuco.rj.gov.br\/novo\/wp-json\/wp\/v2\/posts\/19170\/revisions"}],"predecessor-version":[{"id":19172,"href":"https:\/\/prefeituramacuco.rj.gov.br\/novo\/wp-json\/wp\/v2\/posts\/19170\/revisions\/19172"}],"wp:featuredmedia":[{"embeddable":true,"href":"https:\/\/prefeituramacuco.rj.gov.br\/novo\/wp-json\/wp\/v2\/media\/19171"}],"wp:attachment":[{"href":"https:\/\/prefeituramacuco.rj.gov.br\/novo\/wp-json\/wp\/v2\/media?parent=19170"}],"wp:term":[{"taxonomy":"category","embeddable":true,"href":"https:\/\/prefeituramacuco.rj.gov.br\/novo\/wp-json\/wp\/v2\/categories?post=19170"},{"taxonomy":"post_tag","embeddable":true,"href":"https:\/\/prefeituramacuco.rj.gov.br\/novo\/wp-json\/wp\/v2\/tags?post=19170"}],"curies":[{"name":"wp","href":"https:\/\/api.w.org\/{rel}","templated":true}]}}