{"id":19503,"date":"2026-08-20T21:47:52","date_gmt":"2026-08-21T00:47:52","guid":{"rendered":"https:\/\/prefeituramacuco.rj.gov.br\/novo\/?p=19503"},"modified":"2026-08-20T21:48:53","modified_gmt":"2026-08-21T00:48:53","slug":"utilizacao-do-rural-park-na-expo-macuco","status":"publish","type":"post","link":"https:\/\/prefeituramacuco.rj.gov.br\/novo\/utilizacao-do-rural-park-na-expo-macuco\/","title":{"rendered":"UTILIZA\u00c7\u00c3O DO RURAL PARK NA EXPO-MACUCO"},"content":{"rendered":"<p><img loading=\"lazy\" decoding=\"async\" class=\"aligncenter wp-image-19504\" src=\"https:\/\/prefeituramacuco.rj.gov.br\/novo\/wp-content\/uploads\/2026\/08\/post-expo-req.jpeg\" alt=\"\" width=\"500\" height=\"500\" srcset=\"https:\/\/prefeituramacuco.rj.gov.br\/novo\/wp-content\/uploads\/2026\/08\/post-expo-req.jpeg 1080w, https:\/\/prefeituramacuco.rj.gov.br\/novo\/wp-content\/uploads\/2026\/08\/post-expo-req-300x300.jpeg 300w, https:\/\/prefeituramacuco.rj.gov.br\/novo\/wp-content\/uploads\/2026\/08\/post-expo-req-1024x1024.jpeg 1024w, https:\/\/prefeituramacuco.rj.gov.br\/novo\/wp-content\/uploads\/2026\/08\/post-expo-req-150x150.jpeg 150w, https:\/\/prefeituramacuco.rj.gov.br\/novo\/wp-content\/uploads\/2026\/08\/post-expo-req-768x768.jpeg 768w\" sizes=\"auto, (max-width: 500px) 100vw, 500px\" \/><\/p>\n<p>REQUERIMENTOS ABREM NESTA SEGUNDA-FEIRA, DIA 24\/08<\/p>\n<p>Quem pretende utilizar os espa\u00e7os do Rural Park durante a XVIII Exposi\u00e7\u00e3o Agropecu\u00e1ria \u2013 Expo-Macuco 2026 \u2013, fique atento: os requerimentos estar\u00e3o dispon\u00edveis exclusivamente pelo site da Prefeitura de Macuco, a partir desta segunda-feira, dia 24 de agosto de 2026.<br \/>\nOrganize-se, fique atento e n\u00e3o perca o prazo! A maior festa agropecu\u00e1ria de Macuco come\u00e7a antes mesmo de abrir os port\u00f5es!<\/p>\n<p>Acesse o link para maiores informa\u00e7\u00f5es:\u00a0<a href=\"https:\/\/prefeituramacuco.rj.gov.br\/transparencia\/expo\/espaco-publico\">CLICANDO AQUI<\/a><\/p>\n","protected":false},"excerpt":{"rendered":"<p>REQUERIMENTOS ABREM NESTA SEGUNDA-FEIRA, DIA 24\/08 Quem pretende utilizar os espa\u00e7os do Rural Park durante a XVIII Exposi\u00e7\u00e3o Agropecu\u00e1ria \u2013 Expo-Macuco 2026 \u2013, fique atento: os requerimentos estar\u00e3o dispon\u00edveis exclusivamente pelo site da Prefeitura de Macuco, a partir desta segunda-feira, dia 24 de agosto de 2026. Organize-se, fique atento e n\u00e3o perca o prazo! A [&hellip;]<\/p>\n","protected":false},"author":1,"featured_media":19504,"comment_status":"open","ping_status":"open","sticky":false,"template":"","format":"standard","meta":{"footnotes":""},"categories":[8,11,25],"tags":[],"class_list":["post-19503","post","type-post","status-publish","format-standard","has-post-thumbnail","hentry","category-fazenda","category-governo-e-gestao","category-tecnologia-informacao"],"_links":{"self":[{"href":"https:\/\/prefeituramacuco.rj.gov.br\/novo\/wp-json\/wp\/v2\/posts\/19503","targetHints":{"allow":["GET"]}}],"collection":[{"href":"https:\/\/prefeituramacuco.rj.gov.br\/novo\/wp-json\/wp\/v2\/posts"}],"about":[{"href":"https:\/\/prefeituramacuco.rj.gov.br\/novo\/wp-json\/wp\/v2\/types\/post"}],"author":[{"embeddable":true,"href":"https:\/\/prefeituramacuco.rj.gov.br\/novo\/wp-json\/wp\/v2\/users\/1"}],"replies":[{"embeddable":true,"href":"https:\/\/prefeituramacuco.rj.gov.br\/novo\/wp-json\/wp\/v2\/comments?post=19503"}],"version-history":[{"count":2,"href":"https:\/\/prefeituramacuco.rj.gov.br\/novo\/wp-json\/wp\/v2\/posts\/19503\/revisions"}],"predecessor-version":[{"id":19506,"href":"https:\/\/prefeituramacuco.rj.gov.br\/novo\/wp-json\/wp\/v2\/posts\/19503\/revisions\/19506"}],"wp:featuredmedia":[{"embeddable":true,"href":"https:\/\/prefeituramacuco.rj.gov.br\/novo\/wp-json\/wp\/v2\/media\/19504"}],"wp:attachment":[{"href":"https:\/\/prefeituramacuco.rj.gov.br\/novo\/wp-json\/wp\/v2\/media?parent=19503"}],"wp:term":[{"taxonomy":"category","embeddable":true,"href":"https:\/\/prefeituramacuco.rj.gov.br\/novo\/wp-json\/wp\/v2\/categories?post=19503"},{"taxonomy":"post_tag","embeddable":true,"href":"https:\/\/prefeituramacuco.rj.gov.br\/novo\/wp-json\/wp\/v2\/tags?post=19503"}],"curies":[{"name":"wp","href":"https:\/\/api.w.org\/{rel}","templated":true}]}}