{"id":19516,"date":"2026-08-22T15:44:25","date_gmt":"2026-08-22T18:44:25","guid":{"rendered":"https:\/\/prefeituramacuco.rj.gov.br\/novo\/?p=19516"},"modified":"2026-08-24T10:45:08","modified_gmt":"2026-08-24T13:45:08","slug":"brilho-macuquense-na-passarela-de-visconde-de-imbe","status":"publish","type":"post","link":"https:\/\/prefeituramacuco.rj.gov.br\/novo\/brilho-macuquense-na-passarela-de-visconde-de-imbe\/","title":{"rendered":"Brilho macuquense na passarela de Visconde de Imb\u00e9"},"content":{"rendered":"<p><img decoding=\"async\" class=\"aligncenter wp-image-19226\" src=\"https:\/\/prefeituramacuco.rj.gov.br\/novo\/wp-content\/uploads\/2026\/08\/garota-macuco-em-imbe-01.jpg\" alt=\"\" width=\"500\" \/><\/p>\n<h6 style=\"text-align: center;\"><em>Thayn\u00e1 Mello encanta p\u00fablico e jurados em mais um concurso de beleza<\/em><\/h6>\n<p>A noite desta sexta-feira, dia 21 de agosto, foi marcada por um verdadeiro espet\u00e1culo de glamour, eleg\u00e2ncia e simpatia no distrito de Trajano de Moraes. A atual Garota Macuco 2026, Thayn\u00e1 Gon\u00e7alves de Mello, iluminou a passarela durante sua participa\u00e7\u00e3o no Concurso Rainha da Expo-Visconde de Imb\u00e9 2026, evento de destaque na tradicional feira rural da localidade. Com uma presen\u00e7a de palco marcante e muito carisma, a jovem encantou a plateia e os jurados, sendo aplaudida em seu desfile.<\/p>\n<p><img decoding=\"async\" class=\"aligncenter wp-image-19226\" src=\"https:\/\/prefeituramacuco.rj.gov.br\/novo\/wp-content\/uploads\/2026\/08\/garota-macuco-em-imbe-02.jpg\" alt=\"\" width=\"500\" \/><\/p>\n<h6 style=\"text-align: center;\"><em>A Garota Macuco celebra o sucesso da apresenta\u00e7\u00e3o na Expo-Visconde ao lado de Deginar &#8216;Nan\u00e1&#8217; Boquimpani e da secret\u00e1ria Helen Ferreira, que garantiram o suporte institucional nos bastidores do evento<\/em><\/h6>\n<p>Para Thayn\u00e1, a empolgante performance representou muito mais do que a disputa de um t\u00edtulo de beleza. A modelo destacou que cruzar aquela passarela foi uma oportunidade valiosa de honrar suas origens, carregando o nome de sua cidade natal com extrema dignidade. Al\u00e9m disso, ela enfatizou que a experi\u00eancia funciona como um importante trampolim profissional, abrindo portas e ampliando seus horizontes dentro do sofisticado e altamente concorrido universo da moda e da beleza regional.<\/p>\n<p><img decoding=\"async\" class=\"aligncenter wp-image-19226\" src=\"https:\/\/prefeituramacuco.rj.gov.br\/novo\/wp-content\/uploads\/2026\/08\/garota-macuco-em-imbe-03.jpg\" alt=\"\" width=\"500\" \/><\/p>\n<h6 style=\"text-align: center;\"><em>Thayn\u00e1 Gon\u00e7alves de Mello e uma concorrente ao lado da comitiva de seu munic\u00edpio, liderada por Nan\u00e1 Boquimpani e pela secret\u00e1ria Helen Ferreira<\/em><\/h6>\n<p>O sucesso da apresenta\u00e7\u00e3o nos palcos tamb\u00e9m foi fruto de um forte trabalho de bastidores e suporte institucional. Durante toda a sua jornada no Desfile da Rainha, Thayn\u00e1 contou com o apoio estrat\u00e9gico e log\u00edstico de uma comitiva de seu munic\u00edpio, liderada pela secret\u00e1ria de Esporte, Lazer, Turismo e Cultura de Macuco, Helen Ferreira, e pela diretora de Turismo, Deginar Boquimpani. A presen\u00e7a e o suporte da equipe garantiram a tranquilidade necess\u00e1ria para que a soberana macuquense desse o seu melhor e brilhasse intensamente no evento.<\/p>\n<p><img decoding=\"async\" class=\"aligncenter wp-image-19226\" src=\"https:\/\/prefeituramacuco.rj.gov.br\/novo\/wp-content\/uploads\/2026\/08\/garota-macuco-em-imbe-04.jpg\" alt=\"\" width=\"500\" \/><\/p>\n<h6 style=\"text-align: center;\"><em>As candidatas ao Concurso Rainha da Expo-Visconde de Imb\u00e9 2026 esbanjam beleza, glamour e trajes t\u00edpicos deslumbrantes nos bastidores da tradicional feira rural<\/em><\/h6>\n<p>Texto e Legendas: Ricardo Vieira<br \/>\nFotos: Mateus Guimar\u00e3es<\/p>\n","protected":false},"excerpt":{"rendered":"<p>A noite desta sexta-feira, dia 21 de agosto, foi marcada por um verdadeiro espet\u00e1culo de glamour, eleg\u00e2ncia e simpatia no distrito de Trajano de Moraes. A atual Garota Macuco 2026, Thayn\u00e1 Gon\u00e7alves de Mello, iluminou a passarela durante sua participa\u00e7\u00e3o no Concurso Rainha da Expo-Visconde de Imb\u00e9 2026, evento de destaque na tradicional feira rural da localidade.<\/p>\n","protected":false},"author":1,"featured_media":19517,"comment_status":"open","ping_status":"open","sticky":false,"template":"","format":"standard","meta":{"footnotes":""},"categories":[18],"tags":[],"class_list":["post-19516","post","type-post","status-publish","format-standard","has-post-thumbnail","hentry","category-turismo"],"_links":{"self":[{"href":"https:\/\/prefeituramacuco.rj.gov.br\/novo\/wp-json\/wp\/v2\/posts\/19516","targetHints":{"allow":["GET"]}}],"collection":[{"href":"https:\/\/prefeituramacuco.rj.gov.br\/novo\/wp-json\/wp\/v2\/posts"}],"about":[{"href":"https:\/\/prefeituramacuco.rj.gov.br\/novo\/wp-json\/wp\/v2\/types\/post"}],"author":[{"embeddable":true,"href":"https:\/\/prefeituramacuco.rj.gov.br\/novo\/wp-json\/wp\/v2\/users\/1"}],"replies":[{"embeddable":true,"href":"https:\/\/prefeituramacuco.rj.gov.br\/novo\/wp-json\/wp\/v2\/comments?post=19516"}],"version-history":[{"count":1,"href":"https:\/\/prefeituramacuco.rj.gov.br\/novo\/wp-json\/wp\/v2\/posts\/19516\/revisions"}],"predecessor-version":[{"id":19518,"href":"https:\/\/prefeituramacuco.rj.gov.br\/novo\/wp-json\/wp\/v2\/posts\/19516\/revisions\/19518"}],"wp:featuredmedia":[{"embeddable":true,"href":"https:\/\/prefeituramacuco.rj.gov.br\/novo\/wp-json\/wp\/v2\/media\/19517"}],"wp:attachment":[{"href":"https:\/\/prefeituramacuco.rj.gov.br\/novo\/wp-json\/wp\/v2\/media?parent=19516"}],"wp:term":[{"taxonomy":"category","embeddable":true,"href":"https:\/\/prefeituramacuco.rj.gov.br\/novo\/wp-json\/wp\/v2\/categories?post=19516"},{"taxonomy":"post_tag","embeddable":true,"href":"https:\/\/prefeituramacuco.rj.gov.br\/novo\/wp-json\/wp\/v2\/tags?post=19516"}],"curies":[{"name":"wp","href":"https:\/\/api.w.org\/{rel}","templated":true}]}}