{"id":19539,"date":"2026-08-29T18:52:20","date_gmt":"2026-08-29T21:52:20","guid":{"rendered":"https:\/\/prefeituramacuco.rj.gov.br\/novo\/?p=19539"},"modified":"2026-08-31T10:54:33","modified_gmt":"2026-08-31T13:54:33","slug":"dia-d-de-multivacinacao-atualiza-cadernetas-de-criancas-e-adolescentes","status":"publish","type":"post","link":"https:\/\/prefeituramacuco.rj.gov.br\/novo\/dia-d-de-multivacinacao-atualiza-cadernetas-de-criancas-e-adolescentes\/","title":{"rendered":"Dia D de Multivacina\u00e7\u00e3o atualiza cadernetas de crian\u00e7as e adolescentes"},"content":{"rendered":"<p><img decoding=\"async\" class=\"aligncenter wp-image-19226\" src=\"https:\/\/prefeituramacuco.rj.gov.br\/novo\/wp-content\/uploads\/2026\/08\/dia-d-01.jpg\" alt=\"\" width=\"500\" \/><\/p>\n<h6 style=\"text-align: center;\"><em>Mobiliza\u00e7\u00e3o no Centro de Sa\u00fade refor\u00e7a import\u00e2ncia da imuniza\u00e7\u00e3o e garante acompanhamento dos esquemas vacinais para menores de 15 anos<\/em><\/h6>\n<p>Seguindo as diretrizes do Minist\u00e9rio da Sa\u00fade, a Secretaria de Sa\u00fade de Macuco realizou neste s\u00e1bado, 29 de agosto, o &#8216;Dia D de Multivacina\u00e7\u00e3o&#8217;. A iniciativa foi conduzida pela Coordena\u00e7\u00e3o de Imuniza\u00e7\u00e3o, chefiada pela enfermeira Carla Nascimento, e teve como principal objetivo atualizar a Caderneta de Vacina\u00e7\u00e3o de crian\u00e7as e adolescentes menores de 15 anos. A a\u00e7\u00e3o aconteceu das 8 \u00e0s 16 horas, no Centro de Sa\u00fade de Macuco, onde as equipes atenderam o p\u00fablico-alvo, verificando as cadernetas e aplicando as doses dos imunizantes indicados e dispon\u00edveis para cada paciente.<\/p>\n<p><img decoding=\"async\" class=\"aligncenter wp-image-19226\" src=\"https:\/\/prefeituramacuco.rj.gov.br\/novo\/wp-content\/uploads\/2026\/08\/dia-d-02.jpg\" alt=\"\" width=\"500\" \/><\/p>\n<h6 style=\"text-align: center;\"><em>A\u00e7\u00e3o liderada pela enfermeira Carla Nascimento garantiu a aplica\u00e7\u00e3o de doses e o aprazamento para o retorno dos pacientes<\/em><\/h6>\n<p>Al\u00e9m da vacina\u00e7\u00e3o realizada durante o s\u00e1bado, a Coordena\u00e7\u00e3o de Imuniza\u00e7\u00e3o providenciou o aprazamento dos demais mun\u00edcipes pertencentes a esse grupo espec\u00edfico para o m\u00eas posterior. Na linguagem da sa\u00fade p\u00fablica, o aprazamento corresponde ao c\u00e1lculo e agendamento das datas de retorno para a aplica\u00e7\u00e3o das pr\u00f3ximas doses previstas no esquema vacinal, contribuindo para que nenhuma etapa necess\u00e1ria \u00e0 imuniza\u00e7\u00e3o seja esquecida.<\/p>\n<p><img decoding=\"async\" class=\"aligncenter wp-image-19226\" src=\"https:\/\/prefeituramacuco.rj.gov.br\/novo\/wp-content\/uploads\/2026\/08\/dia-d-03.jpg\" alt=\"\" width=\"500\" \/><\/p>\n<h6 style=\"text-align: center;\"><em>Equipe da Secretaria de Sa\u00fade no Centro de Sa\u00fade para a realiza\u00e7\u00e3o do &#8216;Dia D da Campanha de Multivacina\u00e7\u00e3o&#8217; com a coordenadora Carla Nascimento (\u00e0 direita)<\/em><\/h6>\n<p>&#8220;A atualiza\u00e7\u00e3o da Caderneta de Vacina\u00e7\u00e3o \u00e9 fundamental para verificarmos se cada crian\u00e7a ou adolescente est\u00e1 devidamente protegido e para identificarmos as doses que ainda precisam ser administradas. O nosso trabalho \u00e9 facilitar esse acesso e orientar as fam\u00edlias sobre a import\u00e2ncia de manter o esquema vacinal completo, respeitando os prazos estabelecidos para cada imunizante&#8221;, destacou a coordenadora de Imuniza\u00e7\u00e3o, enfermeira Carla Nascimento.<\/p>\n<p><img decoding=\"async\" class=\"aligncenter wp-image-19226\" src=\"https:\/\/prefeituramacuco.rj.gov.br\/novo\/wp-content\/uploads\/2026\/08\/dia-d-04.jpg\" alt=\"\" width=\"500\" \/><\/p>\n<h6 style=\"text-align: center;\"><em>Equipes fizeram a triagem e o acolhimento do p\u00fablico-alvo, com a confer\u00eancia e o aprazamento das cadernetas garantindo a continuidade dos esquemas vacinais<\/em><\/h6>\n<p><img decoding=\"async\" class=\"aligncenter wp-image-19226\" src=\"https:\/\/prefeituramacuco.rj.gov.br\/novo\/wp-content\/uploads\/2026\/08\/dia-d-05.jpg\" alt=\"\" width=\"500\" \/><\/p>\n<h6 style=\"text-align: center;\"><em>Moradores de outras faixas et\u00e1rias aproveitaram a mobiliza\u00e7\u00e3o para atualizar as vacinas pendentes no Centro de Sa\u00fade de Macuco; iniciativa refor\u00e7a a prote\u00e7\u00e3o coletiva de toda a popula\u00e7\u00e3o ao garantir que os esquemas vacinais sejam completados<\/em><\/h6>\n<p><img decoding=\"async\" class=\"aligncenter wp-image-19226\" src=\"https:\/\/prefeituramacuco.rj.gov.br\/novo\/wp-content\/uploads\/2026\/08\/dia-d-06.jpg\" alt=\"\" width=\"500\" \/><\/p>\n<h6 style=\"text-align: center;\"><em>Coordena\u00e7\u00e3o de Imuniza\u00e7\u00e3o e profissionais celebram o sucesso e o encerramento do &#8216;Dia D de Multivacina\u00e7\u00e3o&#8217;; uni\u00e3o das equipes garantiu a amplia\u00e7\u00e3o da cobertura vacinal e o fortalecimento da prote\u00e7\u00e3o da sa\u00fade da comunidade<\/em><\/h6>\n<p>Texto e Legendas: Ricardo Vieira<br \/>\nFotos: Mateus Guimar\u00e3es<\/p>\n","protected":false},"excerpt":{"rendered":"<p>Seguindo as diretrizes do Minist\u00e9rio da Sa\u00fade, a Secretaria de Sa\u00fade de Macuco realizou neste s\u00e1bado, 29 de agosto, o &#8216;Dia D de Multivacina\u00e7\u00e3o&#8217;.<\/p>\n","protected":false},"author":1,"featured_media":19540,"comment_status":"open","ping_status":"open","sticky":false,"template":"","format":"standard","meta":{"footnotes":""},"categories":[14],"tags":[],"class_list":["post-19539","post","type-post","status-publish","format-standard","has-post-thumbnail","hentry","category-saude"],"_links":{"self":[{"href":"https:\/\/prefeituramacuco.rj.gov.br\/novo\/wp-json\/wp\/v2\/posts\/19539","targetHints":{"allow":["GET"]}}],"collection":[{"href":"https:\/\/prefeituramacuco.rj.gov.br\/novo\/wp-json\/wp\/v2\/posts"}],"about":[{"href":"https:\/\/prefeituramacuco.rj.gov.br\/novo\/wp-json\/wp\/v2\/types\/post"}],"author":[{"embeddable":true,"href":"https:\/\/prefeituramacuco.rj.gov.br\/novo\/wp-json\/wp\/v2\/users\/1"}],"replies":[{"embeddable":true,"href":"https:\/\/prefeituramacuco.rj.gov.br\/novo\/wp-json\/wp\/v2\/comments?post=19539"}],"version-history":[{"count":1,"href":"https:\/\/prefeituramacuco.rj.gov.br\/novo\/wp-json\/wp\/v2\/posts\/19539\/revisions"}],"predecessor-version":[{"id":19541,"href":"https:\/\/prefeituramacuco.rj.gov.br\/novo\/wp-json\/wp\/v2\/posts\/19539\/revisions\/19541"}],"wp:featuredmedia":[{"embeddable":true,"href":"https:\/\/prefeituramacuco.rj.gov.br\/novo\/wp-json\/wp\/v2\/media\/19540"}],"wp:attachment":[{"href":"https:\/\/prefeituramacuco.rj.gov.br\/novo\/wp-json\/wp\/v2\/media?parent=19539"}],"wp:term":[{"taxonomy":"category","embeddable":true,"href":"https:\/\/prefeituramacuco.rj.gov.br\/novo\/wp-json\/wp\/v2\/categories?post=19539"},{"taxonomy":"post_tag","embeddable":true,"href":"https:\/\/prefeituramacuco.rj.gov.br\/novo\/wp-json\/wp\/v2\/tags?post=19539"}],"curies":[{"name":"wp","href":"https:\/\/api.w.org\/{rel}","templated":true}]}}