{"id":19545,"date":"2026-08-31T13:36:45","date_gmt":"2026-08-31T16:36:45","guid":{"rendered":"https:\/\/prefeituramacuco.rj.gov.br\/novo\/?p=19545"},"modified":"2026-08-31T13:36:45","modified_gmt":"2026-08-31T16:36:45","slug":"expo-macuco-2026-planejamento-vai-garantir-transito-seguro-e-organizado","status":"publish","type":"post","link":"https:\/\/prefeituramacuco.rj.gov.br\/novo\/expo-macuco-2026-planejamento-vai-garantir-transito-seguro-e-organizado\/","title":{"rendered":"Expo-Macuco\/2026&#8230; Planejamento vai garantir tr\u00e2nsito seguro e organizado"},"content":{"rendered":"<p><img decoding=\"async\" class=\"aligncenter wp-image-19226\" src=\"https:\/\/prefeituramacuco.rj.gov.br\/novo\/wp-content\/uploads\/2026\/08\/plan-transito-expo-01.jpg\" alt=\"\" width=\"500\" \/><\/p>\n<h6 style=\"text-align: center;\"><em>Reuni\u00e3o t\u00e9cnica e visita ao Rural Park definem estrat\u00e9gias de mobilidade urbana, seguran\u00e7a e log\u00edstica para os quatro dias do grande evento<\/em><\/h6>\n<p>A manh\u00e3 de segunda-feira, 31 de agosto, marcou uma importante etapa de prepara\u00e7\u00e3o para a Expo-Macuco 2026. T\u00e9cnicos da \u00e1rea de tr\u00e1fego se reuniram com o secret\u00e1rio de Seguran\u00e7a P\u00fablica, M\u00e1rio Jos\u00e9 Gon\u00e7alves, o subsecret\u00e1rio Jo\u00e3o Luiz Gon\u00e7alves, o chefe da Guarda Civil Municipal, Wagner Cardoso, e o Capit\u00e3o Joc\u00e9lio Bezerra, que atua voluntariamente e compartilha sua experi\u00eancia a partir do planejamento exitoso implantado na edi\u00e7\u00e3o do ano passado. Durante o encontro, foram debatidos os principais pontos capazes de assegurar o funcionamento do esquema de mobilidade urbana e seguran\u00e7a, incluindo a defini\u00e7\u00e3o de espa\u00e7os para estacionamento de vans e \u00f4nibus e o cadastramento das caravanas que visitar\u00e3o Macuco. As equipes tamb\u00e9m realizaram uma visita ao Rural Park, onde delimitaram rotas de fuga e estudaram o melhor posicionamento dos profissionais que estar\u00e3o empenhados na opera\u00e7\u00e3o.<\/p>\n<p>Ciente do planejamento, a prefeita Michelle Bianchini agradeceu o empenho de todos, especialmente ao Capit\u00e3o Bezerra pela colabora\u00e7\u00e3o considerada fundamental neste primeiro encontro, que abre caminho para uma s\u00e9rie de novas reuni\u00f5es at\u00e9 a realiza\u00e7\u00e3o da festa. &#8220;Estamos unindo experi\u00eancias e planejando cada detalhe para que a Expo-Macuco aconte\u00e7a com seguran\u00e7a, organiza\u00e7\u00e3o e tranquilidade para todos&#8221;, destacou a prefeita, ressaltando que o trabalho antecipado ser\u00e1 essencial para deixar tudo em perfeita ordem durante um dos maiores eventos do calend\u00e1rio macuquense.<\/p>\n<p>Texto e Legendas: Ricardo Vieira<br \/>\nFoto: Mateus Campos<\/p>\n","protected":false},"excerpt":{"rendered":"<p>A manh\u00e3 de segunda-feira, 31 de agosto, marcou uma importante etapa de prepara\u00e7\u00e3o para a Expo-Macuco 2026.<\/p>\n","protected":false},"author":1,"featured_media":19546,"comment_status":"open","ping_status":"open","sticky":false,"template":"","format":"standard","meta":{"footnotes":""},"categories":[3],"tags":[],"class_list":["post-19545","post","type-post","status-publish","format-standard","has-post-thumbnail","hentry","category-administracao"],"_links":{"self":[{"href":"https:\/\/prefeituramacuco.rj.gov.br\/novo\/wp-json\/wp\/v2\/posts\/19545","targetHints":{"allow":["GET"]}}],"collection":[{"href":"https:\/\/prefeituramacuco.rj.gov.br\/novo\/wp-json\/wp\/v2\/posts"}],"about":[{"href":"https:\/\/prefeituramacuco.rj.gov.br\/novo\/wp-json\/wp\/v2\/types\/post"}],"author":[{"embeddable":true,"href":"https:\/\/prefeituramacuco.rj.gov.br\/novo\/wp-json\/wp\/v2\/users\/1"}],"replies":[{"embeddable":true,"href":"https:\/\/prefeituramacuco.rj.gov.br\/novo\/wp-json\/wp\/v2\/comments?post=19545"}],"version-history":[{"count":1,"href":"https:\/\/prefeituramacuco.rj.gov.br\/novo\/wp-json\/wp\/v2\/posts\/19545\/revisions"}],"predecessor-version":[{"id":19547,"href":"https:\/\/prefeituramacuco.rj.gov.br\/novo\/wp-json\/wp\/v2\/posts\/19545\/revisions\/19547"}],"wp:featuredmedia":[{"embeddable":true,"href":"https:\/\/prefeituramacuco.rj.gov.br\/novo\/wp-json\/wp\/v2\/media\/19546"}],"wp:attachment":[{"href":"https:\/\/prefeituramacuco.rj.gov.br\/novo\/wp-json\/wp\/v2\/media?parent=19545"}],"wp:term":[{"taxonomy":"category","embeddable":true,"href":"https:\/\/prefeituramacuco.rj.gov.br\/novo\/wp-json\/wp\/v2\/categories?post=19545"},{"taxonomy":"post_tag","embeddable":true,"href":"https:\/\/prefeituramacuco.rj.gov.br\/novo\/wp-json\/wp\/v2\/tags?post=19545"}],"curies":[{"name":"wp","href":"https:\/\/api.w.org\/{rel}","templated":true}]}}