{"id":19548,"date":"2026-08-31T15:42:34","date_gmt":"2026-08-31T18:42:34","guid":{"rendered":"https:\/\/prefeituramacuco.rj.gov.br\/novo\/?p=19548"},"modified":"2026-08-31T15:57:46","modified_gmt":"2026-08-31T18:57:46","slug":"rural-park-se-reinventa-para-uma-expo-macuco-ainda-maior-em-2026","status":"publish","type":"post","link":"https:\/\/prefeituramacuco.rj.gov.br\/novo\/rural-park-se-reinventa-para-uma-expo-macuco-ainda-maior-em-2026\/","title":{"rendered":"Rural Park se reinventa para uma Expo-Macuco ainda maior em 2026"},"content":{"rendered":"<p><img decoding=\"async\" class=\"aligncenter wp-image-19226\" src=\"https:\/\/prefeituramacuco.rj.gov.br\/novo\/wp-content\/uploads\/2026\/08\/reforma-rural-park-01.jpg\" alt=\"\" width=\"500\" \/><\/p>\n<h6 style=\"text-align: center;\"><em>Mudan\u00e7as estruturais, moderniza\u00e7\u00e3o e novos espa\u00e7os prometem ampliar o conforto do p\u00fablico e fortalecer a grandiosidade da popular festa regional<\/em><\/h6>\n<p>Para abrigar ainda melhor a Exposi\u00e7\u00e3o Agropecu\u00e1ria de 2026, o popular Rural Park est\u00e1 passando por uma grande transforma\u00e7\u00e3o estrutural. Com crescimento incontest\u00e1vel nos \u00faltimos anos, tanto na parte t\u00e9cnica quanto no n\u00famero de visitantes e expositores vindos de diversas regi\u00f5es fluminenses, al\u00e9m da reconhecida receptividade do povo macuquense e da grandiosidade de sua programa\u00e7\u00e3o, a festa ganha agora uma repaginada pensada para agradar moradores, turistas e todos aqueles que fazem parte desse grande encontro rural.<\/p>\n<p><img decoding=\"async\" class=\"aligncenter wp-image-19226\" src=\"https:\/\/prefeituramacuco.rj.gov.br\/novo\/wp-content\/uploads\/2026\/08\/reforma-rural-park-02.jpg\" alt=\"\" width=\"500\" \/><\/p>\n<h6 style=\"text-align: center;\"><em>Retroescavadeira abrindo e nivelando o terreno para a moderniza\u00e7\u00e3o do espa\u00e7o e interven\u00e7\u00f5es na infraestrutura para receber as novas instala\u00e7\u00f5es e galerias de drenagem<\/em><\/h6>\n<p>A intensa mobiliza\u00e7\u00e3o re\u00fane equipes da Secretaria de Obras e Servi\u00e7os P\u00fablicos e outros setores da Gest\u00e3o Municipal que v\u00e3o muito al\u00e9m dos tradicionais servi\u00e7os de limpeza e conserva\u00e7\u00e3o. Entre os destaques est\u00e3o as modifica\u00e7\u00f5es nas \u00e1reas destinadas aos shows e \u00e0 Tenda Cultural, que ter\u00e3o novas localiza\u00e7\u00f5es e dever\u00e3o proporcionar mais conforto e comodidade aos espectadores. Outra importante frente envolve a moderniza\u00e7\u00e3o dos sistemas de capta\u00e7\u00e3o de \u00e1guas pluviais, esgoto e drenagem, com abertura do solo para o assentamento de novas manilhas e refor\u00e7o das galerias. Tamb\u00e9m recebeu aten\u00e7\u00e3o especial a pista de julgamentos de animais, totalmente refeita para oferecer melhores condi\u00e7\u00f5es \u00e0 realiza\u00e7\u00e3o das atividades e fortalecer a parte t\u00e9cnica da feira agropecu\u00e1ria.<\/p>\n<p><img decoding=\"async\" class=\"aligncenter wp-image-19226\" src=\"https:\/\/prefeituramacuco.rj.gov.br\/novo\/wp-content\/uploads\/2026\/08\/reforma-rural-park-03.jpg\" alt=\"\" width=\"500\" \/><\/p>\n<h6 style=\"text-align: center;\"><em>Vista panor\u00e2mica mostra a transforma\u00e7\u00e3o estrutural no Rural Park; reestrutura\u00e7\u00e3o reorganiza \u00e1reas de eventos para dar conforto e comodidade ao p\u00fablico<\/em><\/h6>\n<p>Ao destacar a dedica\u00e7\u00e3o das equipes, a prefeita elogiou o empenho dos servidores e ressaltou que as melhorias refletem o compromisso da Gest\u00e3o Municipal em oferecer uma Expo-Macuco cada vez mais estruturada. &#8220;Quero parabenizar e agradecer a todos os nossos servidores e profissionais que est\u00e3o trabalhando com tanto empenho para transformar e preparar o Rural Park. \u00c9 um esfor\u00e7o conjunto, feito com planejamento e muita dedica\u00e7\u00e3o, e o p\u00fablico s\u00f3 tem a ganhar com uma estrutura mais moderna, confort\u00e1vel e preparada para receber uma festa ainda maior&#8221;, afirmou Michelle Bianchini.<\/p>\n<p><img decoding=\"async\" class=\"aligncenter wp-image-19226\" src=\"https:\/\/prefeituramacuco.rj.gov.br\/novo\/wp-content\/uploads\/2026\/08\/reforma-rural-park-04.jpg\" alt=\"\" width=\"500\" \/><\/p>\n<h6 style=\"text-align: center;\"><em>Secretaria de Obras trabalha na prepara\u00e7\u00e3o de cada espa\u00e7o do Rural Park para que o recinto abrigue em condi\u00e7\u00f5es adequadas o evento de grande porte<\/em><\/h6>\n<p><img decoding=\"async\" class=\"aligncenter wp-image-19226\" src=\"https:\/\/prefeituramacuco.rj.gov.br\/novo\/wp-content\/uploads\/2026\/08\/reforma-rural-park-05.jpg\" alt=\"\" width=\"500\" \/><\/p>\n<h6 style=\"text-align: center;\"><em>A retroescavadeira trabalha intensamente nas modifica\u00e7\u00f5es estruturais das \u00e1reas internas do Rural Park; pista de julgamentos de animais recebe aten\u00e7\u00e3o especial e est\u00e1 sendo totalmente refeita para a feira<\/em><\/h6>\n<p><img decoding=\"async\" class=\"aligncenter wp-image-19226\" src=\"https:\/\/prefeituramacuco.rj.gov.br\/novo\/wp-content\/uploads\/2026\/08\/reforma-rural-park-06.jpg\" alt=\"\" width=\"500\" \/><\/p>\n<h6 style=\"text-align: center;\"><em>Trabalhadores providenciam a abertura de galerias para o escoamento de \u00e1guas pluviais; capta\u00e7\u00e3o de \u00e1gua das chuvas e esgoto garante uma infraestrutura mais segura para o p\u00fablico durante o evento<\/em><\/h6>\n<p><img decoding=\"async\" class=\"aligncenter wp-image-19226\" src=\"https:\/\/prefeituramacuco.rj.gov.br\/novo\/wp-content\/uploads\/2026\/08\/reforma-rural-park-07.jpg\" alt=\"\" width=\"500\" \/><\/p>\n<h6 style=\"text-align: center;\"><em>Servidores fazem o alinhamento e a prepara\u00e7\u00e3o estrutural das novas cercas, pois as melhorias na \u00e1rea t\u00e9cnica refletem o compromisso com uma festa bem estruturada<\/em><\/h6>\n<p><img decoding=\"async\" class=\"aligncenter wp-image-19226\" src=\"https:\/\/prefeituramacuco.rj.gov.br\/novo\/wp-content\/uploads\/2026\/08\/reforma-rural-park-08.jpg\" alt=\"\" width=\"500\" \/><\/p>\n<h6 style=\"text-align: center;\"><em>Abertura de valas e manuten\u00e7\u00e3o nas proximidades das edifica\u00e7\u00f5es do Rural Park avan\u00e7am por todo o recinto para garantir o sucesso da tradicional feira agropecu\u00e1ria<\/em><\/h6>\n<p><img decoding=\"async\" class=\"aligncenter wp-image-19226\" src=\"https:\/\/prefeituramacuco.rj.gov.br\/novo\/wp-content\/uploads\/2026\/08\/reforma-rural-park-09.jpg\" alt=\"\" width=\"500\" \/><\/p>\n<h6 style=\"text-align: center;\"><em>Pista de julgamentos de animais est\u00e1 sendo totalmente refeita para dar melhores condi\u00e7\u00f5es t\u00e9cnicas; equipes trabalham no cercamento e reestrutura\u00e7\u00e3o completa da \u00e1rea<\/em><\/h6>\n<p><img decoding=\"async\" class=\"aligncenter wp-image-19226\" src=\"https:\/\/prefeituramacuco.rj.gov.br\/novo\/wp-content\/uploads\/2026\/08\/reforma-rural-park-10.jpg\" alt=\"\" width=\"500\" \/><\/p>\n<h6 style=\"text-align: center;\"><em>Caminh\u00e3o e retroescavadeira integrados na remo\u00e7\u00e3o de materiais e limpeza do Rural Park; mobiliza\u00e7\u00e3o das m\u00e1quinas garante agilidade na prepara\u00e7\u00e3o dos espa\u00e7os<\/em><\/h6>\n<p><img decoding=\"async\" class=\"aligncenter wp-image-19226\" src=\"https:\/\/prefeituramacuco.rj.gov.br\/novo\/wp-content\/uploads\/2026\/08\/reforma-rural-park-11.jpg\" alt=\"\" width=\"500\" \/><\/p>\n<h6 style=\"text-align: center;\"><em>Remo\u00e7\u00e3o de antigas estruturas de concreto para dar lugar \u00e0s novas interven\u00e7\u00f5es, cujas mudan\u00e7as consider\u00e1veis visam proporcionar conforto e seguran\u00e7a ao p\u00fablico<\/em><\/h6>\n<p><img decoding=\"async\" class=\"aligncenter wp-image-19226\" src=\"https:\/\/prefeituramacuco.rj.gov.br\/novo\/wp-content\/uploads\/2026\/08\/reforma-rural-park-12.jpg\" alt=\"\" width=\"500\" \/><\/p>\n<h6 style=\"text-align: center;\"><em>Imagem a\u00e9rea destaca o planejamento organizado e as grandes mudan\u00e7as na infraestrutura do Rural Park, que recebe interven\u00e7\u00f5es cuidadosamente elaboradas para abrigar a Exposi\u00e7\u00e3o Agropecu\u00e1ria de 2026<\/em><\/h6>\n<p><img decoding=\"async\" class=\"aligncenter wp-image-19226\" src=\"https:\/\/prefeituramacuco.rj.gov.br\/novo\/wp-content\/uploads\/2026\/08\/reforma-rural-park-13.jpg\" alt=\"\" width=\"500\" \/><\/p>\n<h6 style=\"text-align: center;\"><em>A vista a\u00e9rea revela a grandiosa transforma\u00e7\u00e3o estrutural realizada em toda a extens\u00e3o do Rural Park e o novo desenho do recinto foi projetado para garantir melhor experi\u00eancia aos milhares de espectadores<\/em><\/h6>\n<p><img decoding=\"async\" class=\"aligncenter wp-image-19226\" src=\"https:\/\/prefeituramacuco.rj.gov.br\/novo\/wp-content\/uploads\/2026\/08\/reforma-rural-park-14.jpg\" alt=\"\" width=\"500\" \/><\/p>\n<h6 style=\"text-align: center;\"><em>Servidores municipais trabalham na limpeza e nivelamento das vias internas de acesso do Rural Park para garantir a conserva\u00e7\u00e3o e prepara\u00e7\u00e3o de todo o recinto<\/em><\/h6>\n<p><img decoding=\"async\" class=\"aligncenter wp-image-19226\" src=\"https:\/\/prefeituramacuco.rj.gov.br\/novo\/wp-content\/uploads\/2026\/08\/reforma-rural-park-15.jpg\" alt=\"\" width=\"500\" \/><\/p>\n<h6 style=\"text-align: center;\"><em>A instala\u00e7\u00e3o de estruturas de madeira avan\u00e7a na pista de julgamentos e \u00e1reas t\u00e9cnicas do parque; interven\u00e7\u00f5es no solo preparam o espa\u00e7o agropecu\u00e1rio para oferecer melhores condi\u00e7\u00f5es aos expositores<\/em><\/h6>\n<p><img decoding=\"async\" class=\"aligncenter wp-image-19226\" src=\"https:\/\/prefeituramacuco.rj.gov.br\/novo\/wp-content\/uploads\/2026\/08\/reforma-rural-park-16.jpg\" alt=\"\" width=\"500\" \/><\/p>\n<h6 style=\"text-align: center;\"><em>Secretaria de Obras e Servi\u00e7os P\u00fablicos atua na concretagem e melhorias; mobiliza\u00e7\u00e3o integra o planejamento organizado para garantir conforto e acessibilidade<\/em><\/h6>\n<p><img decoding=\"async\" class=\"aligncenter wp-image-19226\" src=\"https:\/\/prefeituramacuco.rj.gov.br\/novo\/wp-content\/uploads\/2026\/08\/reforma-rural-park-17.jpg\" alt=\"\" width=\"500\" \/><\/p>\n<h6 style=\"text-align: center;\"><em>Os servidores municipais realizam o espalhamento e o nivelamento do concreto para a pavimenta\u00e7\u00e3o das \u00e1reas; interven\u00e7\u00f5es visam estruturar o Rural Park com m\u00e1xima seguran\u00e7a e comodidade<\/em><\/h6>\n<p><img decoding=\"async\" class=\"aligncenter wp-image-19226\" src=\"https:\/\/prefeituramacuco.rj.gov.br\/novo\/wp-content\/uploads\/2026\/08\/reforma-rural-park-18.jpg\" alt=\"\" width=\"500\" \/><\/p>\n<h6 style=\"text-align: center;\"><em>Equipes trabalham na reforma interna do galp\u00e3o que abrigar\u00e1 o tradicional Concurso Leiteiro; servidores preparam piso e estruturas para receber os animais<\/em><\/h6>\n<p><img decoding=\"async\" class=\"aligncenter wp-image-19226\" src=\"https:\/\/prefeituramacuco.rj.gov.br\/novo\/wp-content\/uploads\/2026\/08\/reforma-rural-park-19.jpg\" alt=\"\" width=\"500\" \/><\/p>\n<h6 style=\"text-align: center;\"><em>Novas baias de madeira para acomodar os animais com conforto; melhorias na infraestrutura t\u00e9cnica refletem o compromisso em estruturar cada vez mais a feira rural<\/em><\/h6>\n<p><img decoding=\"async\" class=\"aligncenter wp-image-19226\" src=\"https:\/\/prefeituramacuco.rj.gov.br\/novo\/wp-content\/uploads\/2026\/08\/reforma-rural-park-20.jpg\" alt=\"\" width=\"500\" \/><\/p>\n<h6 style=\"text-align: center;\"><em>\u00c1rea de apoio do Concurso Leiteiro no Rural Park recebe pintura e revitaliza\u00e7\u00e3o completa em sua estrutura; interven\u00e7\u00f5es garantem um ambiente conservado e pronto para a recep\u00e7\u00e3o de animais, tratadores e propriet\u00e1rios rurais<\/em><\/h6>\n<p>Texto e Legendas: Ricardo Vieira<br \/>\nFotos: Rodrigo Cuco \/ Matheus Campos \/ Mateus Guimar\u00e3es<\/p>\n","protected":false},"excerpt":{"rendered":"<p>Para abrigar ainda melhor a Exposi\u00e7\u00e3o Agropecu\u00e1ria de 2026, o popular Rural Park est\u00e1 passando por uma grande transforma\u00e7\u00e3o estrutural.<\/p>\n","protected":false},"author":1,"featured_media":19549,"comment_status":"open","ping_status":"open","sticky":false,"template":"","format":"standard","meta":{"footnotes":""},"categories":[4,11,13],"tags":[],"class_list":["post-19548","post","type-post","status-publish","format-standard","has-post-thumbnail","hentry","category-agricultura","category-governo-e-gestao","category-obras"],"_links":{"self":[{"href":"https:\/\/prefeituramacuco.rj.gov.br\/novo\/wp-json\/wp\/v2\/posts\/19548","targetHints":{"allow":["GET"]}}],"collection":[{"href":"https:\/\/prefeituramacuco.rj.gov.br\/novo\/wp-json\/wp\/v2\/posts"}],"about":[{"href":"https:\/\/prefeituramacuco.rj.gov.br\/novo\/wp-json\/wp\/v2\/types\/post"}],"author":[{"embeddable":true,"href":"https:\/\/prefeituramacuco.rj.gov.br\/novo\/wp-json\/wp\/v2\/users\/1"}],"replies":[{"embeddable":true,"href":"https:\/\/prefeituramacuco.rj.gov.br\/novo\/wp-json\/wp\/v2\/comments?post=19548"}],"version-history":[{"count":2,"href":"https:\/\/prefeituramacuco.rj.gov.br\/novo\/wp-json\/wp\/v2\/posts\/19548\/revisions"}],"predecessor-version":[{"id":19551,"href":"https:\/\/prefeituramacuco.rj.gov.br\/novo\/wp-json\/wp\/v2\/posts\/19548\/revisions\/19551"}],"wp:featuredmedia":[{"embeddable":true,"href":"https:\/\/prefeituramacuco.rj.gov.br\/novo\/wp-json\/wp\/v2\/media\/19549"}],"wp:attachment":[{"href":"https:\/\/prefeituramacuco.rj.gov.br\/novo\/wp-json\/wp\/v2\/media?parent=19548"}],"wp:term":[{"taxonomy":"category","embeddable":true,"href":"https:\/\/prefeituramacuco.rj.gov.br\/novo\/wp-json\/wp\/v2\/categories?post=19548"},{"taxonomy":"post_tag","embeddable":true,"href":"https:\/\/prefeituramacuco.rj.gov.br\/novo\/wp-json\/wp\/v2\/tags?post=19548"}],"curies":[{"name":"wp","href":"https:\/\/api.w.org\/{rel}","templated":true}]}}