{"id":19552,"date":"2026-09-02T13:48:20","date_gmt":"2026-09-02T16:48:20","guid":{"rendered":"https:\/\/prefeituramacuco.rj.gov.br\/novo\/?p=19552"},"modified":"2026-09-02T16:39:34","modified_gmt":"2026-09-02T19:39:34","slug":"contagem-regressiva-faltam-oito-dias-para-o-nosso-encontro-com-a-expo-macuco","status":"publish","type":"post","link":"https:\/\/prefeituramacuco.rj.gov.br\/novo\/contagem-regressiva-faltam-oito-dias-para-o-nosso-encontro-com-a-expo-macuco\/","title":{"rendered":"Contagem Regressiva&#8230; Faltam oito dias para o nosso encontro com a Expo-Macuco!"},"content":{"rendered":"<p><img decoding=\"async\" class=\"aligncenter wp-image-19226\" src=\"https:\/\/prefeituramacuco.rj.gov.br\/novo\/wp-content\/uploads\/2026\/09\/mais-reform-rp-01.jpg\" alt=\"\" width=\"500\" \/><\/p>\n<h6 style=\"text-align: center;\"><em>Rural Park ter\u00e1 novidades em toda infraestrutura para acolher com seguran\u00e7a, organiza\u00e7\u00e3o e mais conforto o grande p\u00fablico da festa rural<\/em><\/h6>\n<p>Faltam exatamente oito dias para que a popula\u00e7\u00e3o macuquense e os milhares de visitantes se encontrem com uma das maiores festas rurais dos \u00faltimos anos. Pouco mais de uma semana separa o munic\u00edpio da XVIII Exposi\u00e7\u00e3o Agropecu\u00e1ria, a aguardada e querida Expo-Macuco. E para que tudo esteja rigorosamente dentro do planejamento oficial, uma gama de servidores da Prefeitura Municipal, atuando em suas mais diversas secretarias e departamentos \u2014 incluindo Obras e Servi\u00e7os P\u00fablicos; Agricultura e Pecu\u00e1ria; Educa\u00e7\u00e3o; Esporte, Lazer, Turismo e Cultura; Seguran\u00e7a P\u00fablica; e Sa\u00fade \u2014 tem se esmerado em preparar o Parque de Exposi\u00e7\u00f5es Edgar Rodrigues Luterbach, nome oficial do popular Macuco Rural Park.<\/p>\n<p><img decoding=\"async\" class=\"aligncenter wp-image-19226\" src=\"https:\/\/prefeituramacuco.rj.gov.br\/novo\/wp-content\/uploads\/2026\/09\/mais-reform-rp-02.jpg\" alt=\"\" width=\"500\" \/><\/p>\n<h6 style=\"text-align: center;\"><em>Pavilh\u00e3o do Concurso Leiteiro recebe limpeza e ajustes na ilumina\u00e7\u00e3o interna para o setor pecu\u00e1rio leiteiro ter um espa\u00e7o \u00e0 altura da qualidade dos animais expostos<\/em><\/h6>\n<p>O objetivo \u00e9 fazer com que as atra\u00e7\u00f5es se desenvolvam com seguran\u00e7a e organiza\u00e7\u00e3o e que os participantes encontrem cada setor e detalhe do recinto bem cuidado e planejado. Os preparativos finais incluem pintura e limpeza das \u00e1reas, acertos na ilumina\u00e7\u00e3o, conclus\u00e3o do projeto de seguran\u00e7a e das a\u00e7\u00f5es voltadas ao tr\u00e2nsito e \u00e0 mobilidade urbana, sem esquecer a montagem e disposi\u00e7\u00e3o de tendas e palcos que abrigar\u00e3o as atra\u00e7\u00f5es culturais, musicais e do setor agropecu\u00e1rio.<\/p>\n<p><img decoding=\"async\" class=\"aligncenter wp-image-19226\" src=\"https:\/\/prefeituramacuco.rj.gov.br\/novo\/wp-content\/uploads\/2026\/09\/mais-reform-rp-03.jpg\" alt=\"\" width=\"500\" \/><\/p>\n<h6 style=\"text-align: center;\"><em>Equipes podam galhos e manejam a vegeta\u00e7\u00e3o no Rural Park; manuten\u00e7\u00e3o ambiental integra a\u00e7\u00f5es para garantir seguran\u00e7a e conforto aos visitantes da exposi\u00e7\u00e3o<\/em><\/h6>\n<p>Durante os quatro dias de intensas programa\u00e7\u00f5es, entre 10 e 13 de setembro, o p\u00fablico poder\u00e1 acompanhar, al\u00e9m dos shows com artistas de renome nacional e da pr\u00f3pria cidade, o julgamento de animais, Concurso de Marcha e o tradicional Concurso Leiteiro em parceria com a Cooperativa Regional Agropecu\u00e1ria, o Rodeio, a Tenda Cultural, a Feira de Artesanato e Gastronomia e muitas outras atra\u00e7\u00f5es planejadas para agradar aos p\u00fablicos adulto, infantojuvenil e infantil. A expectativa \u00e9 que o Rural Park se transforme novamente em um grande ponto de encontro, reunindo fam\u00edlias, produtores rurais e visitantes em torno das tradi\u00e7\u00f5es, da cultura e do entretenimento.<\/p>\n<p><img decoding=\"async\" class=\"aligncenter wp-image-19226\" src=\"https:\/\/prefeituramacuco.rj.gov.br\/novo\/wp-content\/uploads\/2026\/09\/mais-reform-rp-04.jpg\" alt=\"\" width=\"500\" \/><\/p>\n<h6 style=\"text-align: center;\"><em>M\u00e1quinas nivelam o solo nos acessos das \u00e1reas externas dos galp\u00f5es; as melhorias na retaguarda garantem a mobilidade no tr\u00e2nsito e o manejo seguro dos animais<\/em><\/h6>\n<p>Segundo a prefeita Michelle Bianchini, as modifica\u00e7\u00f5es realizadas na estrutura do parque tamb\u00e9m representam um cuidado especial para tornar a festa ainda mais marcante. &#8220;Estamos trabalhando para que cada pessoa que venha \u00e0 Expo-Macuco encontre um espa\u00e7o mais organizado, acess\u00edvel, seguro e acolhedor. As modifica\u00e7\u00f5es na estrutura do nosso Rural Park foram pensadas justamente para proporcionar uma experi\u00eancia ainda mais significativa ao p\u00fablico, permitindo que macuquenses e visitantes aproveitem cada atra\u00e7\u00e3o com conforto e tenham a oportunidade de vivenciar momentos especiais durante esses quatro dias de festa&#8221;, destacou a prefeita.<\/p>\n<p><img decoding=\"async\" class=\"aligncenter wp-image-19226\" src=\"https:\/\/prefeituramacuco.rj.gov.br\/novo\/wp-content\/uploads\/2026\/09\/mais-reform-rp-05.jpg\" alt=\"\" width=\"500\" \/><\/p>\n<h6 style=\"text-align: center;\"><em>Estruturas met\u00e1licas come\u00e7am a ser montadas no Rural Park para abrigar as diversas atra\u00e7\u00f5es; palcos e tendas receber\u00e3o shows musicais e estandes culturais da festa<\/em><\/h6>\n<p><img decoding=\"async\" class=\"aligncenter wp-image-19226\" src=\"https:\/\/prefeituramacuco.rj.gov.br\/novo\/wp-content\/uploads\/2026\/09\/mais-reform-rp-06.jpg\" alt=\"\" width=\"500\" \/><\/p>\n<h6 style=\"text-align: center;\"><em>Montagem das tendas e coberturas avan\u00e7a nas \u00e1reas do parque para oferecer conforto ao p\u00fablico e abrigar os setores diversos que integrar\u00e3o a programa\u00e7\u00e3o da feira<\/em><\/h6>\n<p><img decoding=\"async\" class=\"aligncenter wp-image-19226\" src=\"https:\/\/prefeituramacuco.rj.gov.br\/novo\/wp-content\/uploads\/2026\/09\/mais-reform-rp-07.jpg\" alt=\"\" width=\"500\" \/><\/p>\n<h6 style=\"text-align: center;\"><em>Espa\u00e7o anexo da organiza\u00e7\u00e3o do Concurso Leiteiro recebe limpeza completa, pintura de paredes e retoques finais para dar efici\u00eancia e suporte t\u00e9cnico aos produtores<\/em><\/h6>\n<p><img decoding=\"async\" class=\"aligncenter wp-image-19226\" src=\"https:\/\/prefeituramacuco.rj.gov.br\/novo\/wp-content\/uploads\/2026\/09\/mais-reform-rp-08.jpg\" alt=\"\" width=\"500\" \/><\/p>\n<h6 style=\"text-align: center;\"><em>Escadaria de acesso ao Concurso Leiteiro recebe pintura e manuten\u00e7\u00e3o estrutural para dar um trajeto limpo, seguro e com acessibilidade adequada aos visitantes<\/em><\/h6>\n<p><img decoding=\"async\" class=\"aligncenter wp-image-19226\" src=\"https:\/\/prefeituramacuco.rj.gov.br\/novo\/wp-content\/uploads\/2026\/09\/mais-reform-rp-09.jpg\" alt=\"\" width=\"500\" \/><\/p>\n<h6 style=\"text-align: center;\"><em>Equipes da Prefeitura pintam meios-fios nas vias internas e a revitaliza\u00e7\u00e3o visual refor\u00e7a a organiza\u00e7\u00e3o, a sinaliza\u00e7\u00e3o e o zelo com o espa\u00e7o urbano da feira<\/em><\/h6>\n<p><img decoding=\"async\" class=\"aligncenter wp-image-19226\" src=\"https:\/\/prefeituramacuco.rj.gov.br\/novo\/wp-content\/uploads\/2026\/09\/mais-reform-rp-10.jpg\" alt=\"\" width=\"500\" \/><\/p>\n<h6 style=\"text-align: center;\"><em>Servidores realizam pintura e revitaliza\u00e7\u00e3o de bancos de concreto nas \u00e1reas de conviv\u00eancia; retoques finais garantem um ambiente bem cuidado, acolhedor e confort\u00e1vel<\/em><\/h6>\n<p><img decoding=\"async\" class=\"aligncenter wp-image-19226\" src=\"https:\/\/prefeituramacuco.rj.gov.br\/novo\/wp-content\/uploads\/2026\/09\/mais-reform-rp-11.jpg\" alt=\"\" width=\"500\" \/><\/p>\n<h6 style=\"text-align: center;\"><em>Trabalhadores preparam a pista de terra para as competi\u00e7\u00f5es e atra\u00e7\u00f5es da parte t\u00e9cnica da festa; nivelamento do solo garante a seguran\u00e7a de tratadores, animais e p\u00fablico<\/em><\/h6>\n<p><img decoding=\"async\" class=\"aligncenter wp-image-19226\" src=\"https:\/\/prefeituramacuco.rj.gov.br\/novo\/wp-content\/uploads\/2026\/09\/mais-reform-rp-12.jpg\" alt=\"\" width=\"500\" \/><\/p>\n<h6 style=\"text-align: center;\"><em>Mais um espa\u00e7o de manejo dos animais recebe nova pintura e higieniza\u00e7\u00e3o completa para garantir o bem-estar do gado e a organiza\u00e7\u00e3o no setor agropecu\u00e1rio<\/em><\/h6>\n<p><img decoding=\"async\" class=\"aligncenter wp-image-19226\" src=\"https:\/\/prefeituramacuco.rj.gov.br\/novo\/wp-content\/uploads\/2026\/09\/mais-reform-rp-13.jpg\" alt=\"\" width=\"500\" \/><\/p>\n<h6 style=\"text-align: center;\"><em>A pista de competi\u00e7\u00f5es e o gramado do Macuco Rural Park passam por nivelamento e marca\u00e7\u00e3o de solo; a ampla \u00e1rea aberta recebe os ajustes estruturais necess\u00e1rios para acomodar as grandes atra\u00e7\u00f5es da Expo-Macuco<\/em><\/h6>\n<p><img decoding=\"async\" class=\"aligncenter wp-image-19226\" src=\"https:\/\/prefeituramacuco.rj.gov.br\/novo\/wp-content\/uploads\/2026\/09\/mais-reform-rp-14.jpg\" alt=\"\" width=\"500\" \/><\/p>\n<h6 style=\"text-align: center;\"><em>Prefeita Michelle Bianchini realiza uma vistoria t\u00e9cnica nas obras e modifica\u00e7\u00f5es estruturais do Rural Park, acompanhando o planejamento oficial para garantir um espa\u00e7o organizado, acess\u00edvel e seguro<\/em><\/h6>\n<p><img decoding=\"async\" class=\"aligncenter wp-image-19226\" src=\"https:\/\/prefeituramacuco.rj.gov.br\/novo\/wp-content\/uploads\/2026\/09\/mais-reform-rp-15.jpg\" alt=\"\" width=\"500\" \/><\/p>\n<h6 style=\"text-align: center;\"><em>A nova ilumina\u00e7\u00e3o do Rural Park passa por testes noturnos para garantir a visibilidade e a seguran\u00e7a; sistema el\u00e9trico renovado destaca a arena e as pistas para as grandes atra\u00e7\u00f5es noturnas da Expo-Macuco<\/em><\/h6>\n<p><img decoding=\"async\" class=\"aligncenter wp-image-19226\" src=\"https:\/\/prefeituramacuco.rj.gov.br\/novo\/wp-content\/uploads\/2026\/09\/mais-reform-rp-16.jpg\" alt=\"\" width=\"500\" \/><\/p>\n<h6 style=\"text-align: center;\"><em>A vis\u00e3o geral a\u00e9rea mostra uma \u00e1rea completamente iluminada durante os testes dos refletores; circuito fechado est\u00e1 preparado para receber as competi\u00e7\u00f5es oficiais<\/em><\/h6>\n<p><img decoding=\"async\" class=\"aligncenter wp-image-19226\" src=\"https:\/\/prefeituramacuco.rj.gov.br\/novo\/wp-content\/uploads\/2026\/09\/mais-reform-rp-17.jpg\" alt=\"\" width=\"500\" \/><\/p>\n<h6 style=\"text-align: center;\"><em>Os postes cobrem as vias internas com ilumina\u00e7\u00e3o eficiente e o investimento em claridade amplia a seguran\u00e7a nos acessos e caminhos perif\u00e9ricos do Rural Park<\/em><\/h6>\n<p>Texto e Legendas: Ricardo Vieira<br \/>\nFotos: Matheus Campos<\/p>\n","protected":false},"excerpt":{"rendered":"<p>Faltam exatamente oito dias para que a popula\u00e7\u00e3o macuquense e os milhares de visitantes se encontrem com uma das maiores festas rurais dos \u00faltimos anos. Pouco mais de uma semana separa o munic\u00edpio da XVIII Exposi\u00e7\u00e3o Agropecu\u00e1ria, a aguardada e querida Expo-Macuco.<\/p>\n","protected":false},"author":1,"featured_media":19553,"comment_status":"open","ping_status":"open","sticky":false,"template":"","format":"standard","meta":{"footnotes":""},"categories":[4,9,13],"tags":[],"class_list":["post-19552","post","type-post","status-publish","format-standard","has-post-thumbnail","hentry","category-agricultura","category-gabinete","category-obras"],"_links":{"self":[{"href":"https:\/\/prefeituramacuco.rj.gov.br\/novo\/wp-json\/wp\/v2\/posts\/19552","targetHints":{"allow":["GET"]}}],"collection":[{"href":"https:\/\/prefeituramacuco.rj.gov.br\/novo\/wp-json\/wp\/v2\/posts"}],"about":[{"href":"https:\/\/prefeituramacuco.rj.gov.br\/novo\/wp-json\/wp\/v2\/types\/post"}],"author":[{"embeddable":true,"href":"https:\/\/prefeituramacuco.rj.gov.br\/novo\/wp-json\/wp\/v2\/users\/1"}],"replies":[{"embeddable":true,"href":"https:\/\/prefeituramacuco.rj.gov.br\/novo\/wp-json\/wp\/v2\/comments?post=19552"}],"version-history":[{"count":4,"href":"https:\/\/prefeituramacuco.rj.gov.br\/novo\/wp-json\/wp\/v2\/posts\/19552\/revisions"}],"predecessor-version":[{"id":19560,"href":"https:\/\/prefeituramacuco.rj.gov.br\/novo\/wp-json\/wp\/v2\/posts\/19552\/revisions\/19560"}],"wp:featuredmedia":[{"embeddable":true,"href":"https:\/\/prefeituramacuco.rj.gov.br\/novo\/wp-json\/wp\/v2\/media\/19553"}],"wp:attachment":[{"href":"https:\/\/prefeituramacuco.rj.gov.br\/novo\/wp-json\/wp\/v2\/media?parent=19552"}],"wp:term":[{"taxonomy":"category","embeddable":true,"href":"https:\/\/prefeituramacuco.rj.gov.br\/novo\/wp-json\/wp\/v2\/categories?post=19552"},{"taxonomy":"post_tag","embeddable":true,"href":"https:\/\/prefeituramacuco.rj.gov.br\/novo\/wp-json\/wp\/v2\/tags?post=19552"}],"curies":[{"name":"wp","href":"https:\/\/api.w.org\/{rel}","templated":true}]}}