{"id":19555,"date":"2026-09-02T15:01:24","date_gmt":"2026-09-02T18:01:24","guid":{"rendered":"https:\/\/prefeituramacuco.rj.gov.br\/novo\/?p=19555"},"modified":"2026-09-02T15:01:24","modified_gmt":"2026-09-02T18:01:24","slug":"chuteiras-novas-sonhos-renovados-e-gols-no-horizonte","status":"publish","type":"post","link":"https:\/\/prefeituramacuco.rj.gov.br\/novo\/chuteiras-novas-sonhos-renovados-e-gols-no-horizonte\/","title":{"rendered":"Chuteiras novas, sonhos renovados e gols no horizonte"},"content":{"rendered":"<p><img decoding=\"async\" class=\"aligncenter wp-image-19226\" src=\"https:\/\/prefeituramacuco.rj.gov.br\/novo\/wp-content\/uploads\/2026\/09\/chuteiras-novas-01.jpg\" alt=\"\" width=\"500\" \/><\/p>\n<h6 style=\"text-align: center;\"><em>Entrega de 85 pares de cal\u00e7ados esportivos novos refor\u00e7a o incentivo da Gest\u00e3o Municipal aos pequenos atletas da Escolinha Macuco Bom de Bola<\/em><\/h6>\n<p>Nesta quarta-feira, dia 2 de setembro, a Secretaria de Esporte, Lazer, Turismo e Cultura proporcionou um momento de imensa satisfa\u00e7\u00e3o e alegria aos pequenos atletas da Escolinha Macuco Bom de Bola, alimentando ainda mais neles o sonho de conquistar sucesso no mundo estrelado do futebol profissional. A secret\u00e1ria Helen Ferreira fez a entrega de 85 pares de chuteiras novas e de excelente qualidade, contemplando todos os integrantes do projeto esportivo, considerado tamb\u00e9m uma poderosa ferramenta socioeducativa do munic\u00edpio.<\/p>\n<p><img decoding=\"async\" class=\"aligncenter wp-image-19226\" src=\"https:\/\/prefeituramacuco.rj.gov.br\/novo\/wp-content\/uploads\/2026\/09\/chuteiras-novas-02.jpg\" alt=\"\" width=\"500\" \/><\/p>\n<h6 style=\"text-align: center;\"><em>Novos cal\u00e7ados v\u00e3o garantir rendimento e seguran\u00e7a aos futuros talentos; estrutura refor\u00e7a o papel do esporte como ferramenta socioeducativa os jovens craques<\/em><\/h6>\n<p>As chuteiras foram viabilizadas gra\u00e7as a uma jun\u00e7\u00e3o de esfor\u00e7os entre a Gest\u00e3o Municipal e uma Emenda Impositiva de autoria da vereadora Myrella Daflon, tornando poss\u00edvel a aquisi\u00e7\u00e3o do material esportivo para beneficiar as crian\u00e7as e adolescentes atendidos pelo projeto. As entregas aconteceram nos per\u00edodos da manh\u00e3 e da tarde, garantindo que todos os jovens atletas recebessem seus novos cal\u00e7ados para seguir treinando, aperfei\u00e7oando suas habilidades e mantendo vivos os sonhos constru\u00eddos dentro e fora dos campos.<\/p>\n<p><img decoding=\"async\" class=\"aligncenter wp-image-19226\" src=\"https:\/\/prefeituramacuco.rj.gov.br\/novo\/wp-content\/uploads\/2026\/09\/chuteiras-novas-03.jpg\" alt=\"\" width=\"500\" \/><\/p>\n<h6 style=\"text-align: center;\"><em>Secret\u00e1ria Helen Ferreira re\u00fane os pequenos atletas no gramado para conversar sobre a import\u00e2ncia do esporte e dar in\u00edcio \u00e0 entrega oficial dos materiais<\/em><\/h6>\n<p>Muito satisfeita com mais essa conquista para o esporte macuquense, a secret\u00e1ria Helen Ferreira agradeceu a parceria e o apoio recebidos. &#8220;Agrade\u00e7o \u00e0 vereadora Myrella Daflon pela importante emenda destinada ao projeto e \u00e0 prefeita Michelle Bianchini, que nos oferece apoio integral para que possamos continuar incentivando e transformando a vida desses pequenos atletas por meio do esporte&#8221;, declarou a secret\u00e1ria.<\/p>\n<p><img decoding=\"async\" class=\"aligncenter wp-image-19226\" src=\"https:\/\/prefeituramacuco.rj.gov.br\/novo\/wp-content\/uploads\/2026\/09\/chuteiras-novas-04.jpg\" alt=\"\" width=\"500\" \/><\/p>\n<h6 style=\"text-align: center;\"><em>Momento da entrega nas m\u00e3os dos alunos da escolinha; equipe t\u00e9cnica acompanha a distribui\u00e7\u00e3o que beneficia dezenas de crian\u00e7as e adolescentes<\/em><\/h6>\n<p><img decoding=\"async\" class=\"aligncenter wp-image-19226\" src=\"https:\/\/prefeituramacuco.rj.gov.br\/novo\/wp-content\/uploads\/2026\/09\/chuteiras-novas-05.jpg\" alt=\"\" width=\"500\" \/><\/p>\n<h6 style=\"text-align: center;\"><em>Chuteiras novas cal\u00e7adas e prontas para o gramado, destacando o orgulho e a uni\u00e3o da garotada; investimento renova a motiva\u00e7\u00e3o dos alunos para brilharem no campo<\/em><\/h6>\n<p><img decoding=\"async\" class=\"aligncenter wp-image-19226\" src=\"https:\/\/prefeituramacuco.rj.gov.br\/novo\/wp-content\/uploads\/2026\/09\/chuteiras-novas-06.jpg\" alt=\"\" width=\"500\" \/><\/p>\n<h6 style=\"text-align: center;\"><em>A distribui\u00e7\u00e3o dos novos cal\u00e7ados segue em ritmo animado e alcan\u00e7a os atletas das categorias de base no turno complementar; engajamento da comiss\u00e3o t\u00e9cnica garante organiza\u00e7\u00e3o e agilidade na entrega de cada par aos alunos do projeto<\/em><\/h6>\n<p>Texto e Legendas: Ricardo Vieira<br \/>\nFotos: Divulga\u00e7\u00e3o<\/p>\n","protected":false},"excerpt":{"rendered":"<p>Nesta quarta-feira, dia 2 de setembro, a Secretaria de Esporte, Lazer, Turismo e Cultura proporcionou um momento de imensa satisfa\u00e7\u00e3o e alegria aos pequenos atletas da Escolinha Macuco Bom de Bola, alimentando ainda mais neles o sonho de conquistar sucesso no mundo estrelado do futebol profissional.<\/p>\n","protected":false},"author":1,"featured_media":19556,"comment_status":"open","ping_status":"open","sticky":false,"template":"","format":"standard","meta":{"footnotes":""},"categories":[7],"tags":[],"class_list":["post-19555","post","type-post","status-publish","format-standard","has-post-thumbnail","hentry","category-esporte"],"_links":{"self":[{"href":"https:\/\/prefeituramacuco.rj.gov.br\/novo\/wp-json\/wp\/v2\/posts\/19555","targetHints":{"allow":["GET"]}}],"collection":[{"href":"https:\/\/prefeituramacuco.rj.gov.br\/novo\/wp-json\/wp\/v2\/posts"}],"about":[{"href":"https:\/\/prefeituramacuco.rj.gov.br\/novo\/wp-json\/wp\/v2\/types\/post"}],"author":[{"embeddable":true,"href":"https:\/\/prefeituramacuco.rj.gov.br\/novo\/wp-json\/wp\/v2\/users\/1"}],"replies":[{"embeddable":true,"href":"https:\/\/prefeituramacuco.rj.gov.br\/novo\/wp-json\/wp\/v2\/comments?post=19555"}],"version-history":[{"count":1,"href":"https:\/\/prefeituramacuco.rj.gov.br\/novo\/wp-json\/wp\/v2\/posts\/19555\/revisions"}],"predecessor-version":[{"id":19557,"href":"https:\/\/prefeituramacuco.rj.gov.br\/novo\/wp-json\/wp\/v2\/posts\/19555\/revisions\/19557"}],"wp:featuredmedia":[{"embeddable":true,"href":"https:\/\/prefeituramacuco.rj.gov.br\/novo\/wp-json\/wp\/v2\/media\/19556"}],"wp:attachment":[{"href":"https:\/\/prefeituramacuco.rj.gov.br\/novo\/wp-json\/wp\/v2\/media?parent=19555"}],"wp:term":[{"taxonomy":"category","embeddable":true,"href":"https:\/\/prefeituramacuco.rj.gov.br\/novo\/wp-json\/wp\/v2\/categories?post=19555"},{"taxonomy":"post_tag","embeddable":true,"href":"https:\/\/prefeituramacuco.rj.gov.br\/novo\/wp-json\/wp\/v2\/tags?post=19555"}],"curies":[{"name":"wp","href":"https:\/\/api.w.org\/{rel}","templated":true}]}}