{"id":19565,"date":"2026-09-02T22:19:16","date_gmt":"2026-09-03T01:19:16","guid":{"rendered":"https:\/\/prefeituramacuco.rj.gov.br\/novo\/?p=19565"},"modified":"2026-09-02T22:19:33","modified_gmt":"2026-09-03T01:19:33","slug":"calor-a-vista-prevencao-em-acao","status":"publish","type":"post","link":"https:\/\/prefeituramacuco.rj.gov.br\/novo\/calor-a-vista-prevencao-em-acao\/","title":{"rendered":"Calor \u00e0 vista, preven\u00e7\u00e3o em a\u00e7\u00e3o"},"content":{"rendered":"<p><img decoding=\"async\" class=\"aligncenter wp-image-19226\" src=\"https:\/\/prefeituramacuco.rj.gov.br\/novo\/wp-content\/uploads\/2026\/09\/calor-dc-stqf-01.jpg\" alt=\"\" width=\"500\" \/><\/p>\n<h6 style=\"text-align: center;\"><em>Defesa Civil e Sa\u00fade unem for\u00e7as contra os efeitos do calor<\/em><\/h6>\n<p>A Coordenadoria de Defesa Civil e a Secretaria de Sa\u00fade de Macuco deram mais um passo no fortalecimento das a\u00e7\u00f5es preventivas do munic\u00edpio. Nesta quarta-feira, 2 de setembro, representantes das duas \u00e1reas se reuniram em torno de um alinhamento voltado \u00e0 prepara\u00e7\u00e3o para poss\u00edveis per\u00edodos de calor intenso e baixa umidade do ar iminentes nos pr\u00f3ximos meses. O intuito \u00e9 se antecipar aos cen\u00e1rios de risco e garantir uma resposta integrada dos servi\u00e7os p\u00fablicos diante dos efeitos que as condi\u00e7\u00f5es clim\u00e1ticas extremas podem provocar na sa\u00fade e no bem-estar da popula\u00e7\u00e3o.<\/p>\n<p><img decoding=\"async\" class=\"aligncenter wp-image-19226\" src=\"https:\/\/prefeituramacuco.rj.gov.br\/novo\/wp-content\/uploads\/2026\/09\/calor-dc-stqf-02.jpg\" alt=\"\" width=\"500\" \/><\/p>\n<h6 style=\"text-align: center;\"><em>Entre a secret\u00e1ria de Sa\u00fade Ana Paula Gon\u00e7alves (\u00e0 esquerda) e a coordenadora das Estrat\u00e9gias de Sa\u00fade da Fam\u00edlia, Carol Vogas, o vice Jo\u00e3o Batista debate o tema<\/em><\/h6>\n<p>Durante o encontro, foram discutidas estrat\u00e9gias de preven\u00e7\u00e3o, orienta\u00e7\u00e3o aos moradores, acompanhamento das condi\u00e7\u00f5es meteorol\u00f3gicas e defini\u00e7\u00e3o de protocolos para atua\u00e7\u00e3o em eventuais situa\u00e7\u00f5es emergenciais. A proposta \u00e9 construir uma atua\u00e7\u00e3o coordenada, capaz de preparar o munic\u00edpio antes da ocorr\u00eancia dos impactos e ampliar a capacidade de resposta nos per\u00edodos de temperaturas mais elevadas. O encontro teve a presen\u00e7a do vice-prefeito Jo\u00e3o Batista Oliveira, da secret\u00e1ria de Sa\u00fade Ana Paula Gon\u00e7alves, da coordenadora das Estrat\u00e9gias de Sa\u00fade da Fam\u00edlia, Carol Vogas, do coordenador de Defesa Civil, Paulo S\u00e9rgio Machado, e do secret\u00e1rio executivo da Coordenadoria de Defesa Civil, Andr\u00e9 Coelho.<\/p>\n<p><img decoding=\"async\" class=\"aligncenter wp-image-19226\" src=\"https:\/\/prefeituramacuco.rj.gov.br\/novo\/wp-content\/uploads\/2026\/09\/calor-dc-stqf-03.jpg\" alt=\"\" width=\"500\" \/><\/p>\n<h6 style=\"text-align: center;\"><em>Coordenador de Defesa Civil, Paulo S\u00e9rgio Machado, e secret\u00e1rio executivo da Defesa Civil, Andr\u00e9 Coelho, durante a reuni\u00e3o deliberativa sobre as a\u00e7\u00f5es preventivas<\/em><\/h6>\n<p>A aten\u00e7\u00e3o aos grupos mais vulner\u00e1veis e a comunica\u00e7\u00e3o preventiva tamb\u00e9m estiveram em pauta, para que as equipes reforcem junto \u00e0 popula\u00e7\u00e3o as informa\u00e7\u00f5es sobre hidrata\u00e7\u00e3o correta, redu\u00e7\u00e3o da exposi\u00e7\u00e3o excessiva ao calor e cuidados necess\u00e1rios durante os per\u00edodos em que o ar estiver mais seco, especialmente para orienta\u00e7\u00e3o de crian\u00e7as, idosos e mun\u00edcipes que possam ser mais suscept\u00edveis aos efeitos das altas temperaturas. &#8220;A preven\u00e7\u00e3o deve anteceder \u00e0 emerg\u00eancia, especialmente quando Defesa Civil e Sa\u00fade trabalham de forma integrada, pois assim conseguimos antecipar poss\u00edveis riscos, preparar melhor e com mais efic\u00e1cia os servi\u00e7os para proteger melhor a popula\u00e7\u00e3o&#8221;, defendeu o coordenador Paulo S\u00e9rgio.<\/p>\n<p>E \u00e9 exatamente desenvolvendo essa vis\u00e3o de preven\u00e7\u00e3o e gest\u00e3o de riscos que as autoridades de Macuco apostam na integra\u00e7\u00e3o entre diferentes setores para agir antes que os problemas se agravem. Nos pr\u00f3ximos meses, as equipes dar\u00e3o continuidade ao planejamento, acompanhar\u00e3o a evolu\u00e7\u00e3o das condi\u00e7\u00f5es meteorol\u00f3gicas e ajustar\u00e3o as estrat\u00e9gias de acordo com cada cen\u00e1rio. &#8220;Mais do que reagir \u00e0s adversidades, vamos nos preparar para enfrent\u00e1-las, reafirmando que Macuco est\u00e1 se preparando para prevenir e cuidar da popula\u00e7\u00e3o&#8221;, concluiu Machado.<\/p>\n<p>Texto e Legendas: Ricardo Vieira<br \/>\nFotos: Divulga\u00e7\u00e3o<\/p>\n","protected":false},"excerpt":{"rendered":"<p>A Coordenadoria de Defesa Civil e a Secretaria de Sa\u00fade de Macuco deram mais um passo no fortalecimento das a\u00e7\u00f5es preventivas do munic\u00edpio. Nesta quarta-feira, 2 de setembro, representantes das duas \u00e1reas se reuniram em torno de um alinhamento voltado \u00e0 prepara\u00e7\u00e3o para poss\u00edveis per\u00edodos de calor intenso e baixa umidade do ar iminentes nos pr\u00f3ximos meses.<\/p>\n","protected":false},"author":1,"featured_media":19566,"comment_status":"open","ping_status":"open","sticky":false,"template":"","format":"standard","meta":{"footnotes":""},"categories":[30,14],"tags":[],"class_list":["post-19565","post","type-post","status-publish","format-standard","has-post-thumbnail","hentry","category-defesa-civil","category-saude"],"_links":{"self":[{"href":"https:\/\/prefeituramacuco.rj.gov.br\/novo\/wp-json\/wp\/v2\/posts\/19565","targetHints":{"allow":["GET"]}}],"collection":[{"href":"https:\/\/prefeituramacuco.rj.gov.br\/novo\/wp-json\/wp\/v2\/posts"}],"about":[{"href":"https:\/\/prefeituramacuco.rj.gov.br\/novo\/wp-json\/wp\/v2\/types\/post"}],"author":[{"embeddable":true,"href":"https:\/\/prefeituramacuco.rj.gov.br\/novo\/wp-json\/wp\/v2\/users\/1"}],"replies":[{"embeddable":true,"href":"https:\/\/prefeituramacuco.rj.gov.br\/novo\/wp-json\/wp\/v2\/comments?post=19565"}],"version-history":[{"count":1,"href":"https:\/\/prefeituramacuco.rj.gov.br\/novo\/wp-json\/wp\/v2\/posts\/19565\/revisions"}],"predecessor-version":[{"id":19567,"href":"https:\/\/prefeituramacuco.rj.gov.br\/novo\/wp-json\/wp\/v2\/posts\/19565\/revisions\/19567"}],"wp:featuredmedia":[{"embeddable":true,"href":"https:\/\/prefeituramacuco.rj.gov.br\/novo\/wp-json\/wp\/v2\/media\/19566"}],"wp:attachment":[{"href":"https:\/\/prefeituramacuco.rj.gov.br\/novo\/wp-json\/wp\/v2\/media?parent=19565"}],"wp:term":[{"taxonomy":"category","embeddable":true,"href":"https:\/\/prefeituramacuco.rj.gov.br\/novo\/wp-json\/wp\/v2\/categories?post=19565"},{"taxonomy":"post_tag","embeddable":true,"href":"https:\/\/prefeituramacuco.rj.gov.br\/novo\/wp-json\/wp\/v2\/tags?post=19565"}],"curies":[{"name":"wp","href":"https:\/\/api.w.org\/{rel}","templated":true}]}}